{"id":6681,"date":"2015-03-28T20:00:37","date_gmt":"2015-03-28T19:00:37","guid":{"rendered":"http:\/\/www.sdhsvatepole.cz\/?p=6681"},"modified":"2016-04-15T14:00:30","modified_gmt":"2016-04-15T12:00:30","slug":"zapis-ze-shromazdeni-delegatu-sdh-okresu-pribram","status":"publish","type":"post","link":"https:\/\/www.sdhsvatepole.cz\/archiv\/zapis-ze-shromazdeni-delegatu-sdh-okresu-pribram\/","title":{"rendered":"Z\u00e1pis ze shrom\u00e1\u017ed\u011bn\u00ed deleg\u00e1t\u016f SDH okres\u016f P\u0159\u00edbram"},"content":{"rendered":"<p><span style=\"color: #ff0000;\"><strong>Z\u00e1pis ze shrom\u00e1\u017ed\u011bn\u00ed deleg\u00e1t\u016f Sbor\u016f dobrovoln\u00fdch hasi\u010d\u016f okres\u016f P\u0159\u00edbram, kter\u00e9 se konalo dne 28. 3. 2015 v\u00a0s\u00e1le Spole\u010densk\u00e9ho domu ZD v\u00a0Kr\u00e1sn\u00e9 Ho\u0159e nad Vltavou.<\/strong><\/span><\/p>\n<p>Shrom\u00e1\u017ed\u011bn\u00ed bylo zah\u00e1jeno s\u00a0mal\u00fdm zpo\u017ed\u011bn\u00edm v\u00a09:20 hod. a to nejprve st\u00e1tn\u00ed hymnou a d\u00e1le povst\u00e1n\u00edm a uct\u011bn\u00edm pam\u00e1tky ji\u017e zesnul\u00fdch \u010dlen\u016f. Pozv\u00e1no bylo 220 \u010dlen\u016f, p\u0159\u00edtomno 204 \u010dlen\u016f (92%), omluvilo se 10 \u010dlen\u016f, host\u016f bylo pozv\u00e1no 27, z\u00a0toho se jich omluvilo 5.<\/p>\n<p><strong>Za Okrsek \u010d. 29 se z\u00fa\u010dastnily tyto sbory:<\/strong><\/p>\n<ul>\n<li>SDH Svat\u00e9 Pole &#8211; Josef Pecka, velitel a Helena Hanzel\u00ednov\u00e1, referentka \u017een<\/li>\n<li>SDH Lhotka &#8211; V\u00e1clav Soukup, starosta<\/li>\n<li>SDH Bud\u00ednek &#8211; Pavel Pileck\u00fd, starosta<\/li>\n<li>SDH Dlouh\u00e1 Lhota &#8211; So\u0148a Fi\u0159tov\u00e1, starostka a Marek T\u00e1borsk\u00fd, velitel<\/li>\n<li>SDH Druhlice &#8211; Milan Zoubek<\/li>\n<li>SDH Obo\u0159i\u0161t\u011b a SDH Dalek\u00e9 Du\u0161n\u00edky sv\u00e9 z\u00e1stupce neposlali<\/li>\n<\/ul>\n<p><strong><br \/>\nPrvn\u00edm bodem bylo p\u0159ednesen\u00ed programu tohoto shrom\u00e1\u017ed\u011bn\u00ed a s\u00a0malou \u00fapravou bodu 4 bylo schv\u00e1leno v\u00a0tomto slo\u017een\u00ed:<\/strong><\/p>\n<ol>\n<li>Zah\u00e1jen\u00ed shrom\u00e1\u017ed\u011bn\u00ed deleg\u00e1t\u016f SDH<br \/>\n&#8211; schv\u00e1len\u00ed programu a jednac\u00edho \u0159\u00e1du<br \/>\n&#8211; volba pracovn\u00edho p\u0159edsednictva<br \/>\n&#8211; volba mand\u00e1tov\u00e9, volebn\u00ed a n\u00e1vrhov\u00e9 komise<br \/>\n&#8211; schv\u00e1len\u00ed volebn\u00edho \u0159\u00e1du.<\/li>\n<li>\u00davodn\u00ed slovo k \u010dinnosti okresn\u00ed Sdru\u017een\u00ed za uplynul\u00e9 obdob\u00ed.<\/li>\n<li>Zpr\u00e1va o hospoda\u0159en\u00ed OSH v obdob\u00ed 2010-2014 a rozpo\u010det OSH pro rok 2015.<\/li>\n<li>P\u0159edstaven\u00ed kandid\u00e1t\u016f na starostu OSH P\u0159\u00edbram. Volby starosty, p\u0159edsedy OKRR a n\u00e1m\u011bstk\u016f starosty OSH.<\/li>\n<li>Zpr\u00e1va okresn\u00ed kontroln\u00ed a revizn\u00ed rady.<\/li>\n<li>Zam\u011b\u0159en\u00ed \u010dinnosti okresn\u00edho sdru\u017een\u00ed na obdob\u00ed 2015-2020.<\/li>\n<li>Vyhl\u00e1\u0161en\u00ed v\u00fdsledk\u016f sout\u011b\u017ee okrsk\u016f o &#8222;Putovn\u00ed poh\u00e1r OSH&#8220; za rok 2014 a p\u0159ed\u00e1n\u00ed poh\u00e1ru. Vyhodnocen\u00ed jednotlivc\u016f.<\/li>\n<li>Volby \u010dlen\u016f v\u00fdkonn\u00e9ho v\u00fdboru a kontroln\u00ed revizn\u00ed rady. Volby deleg\u00e1t\u016f V. sjezdu SH \u010cMS a shrom\u00e1\u017ed\u011bn\u00ed p\u0159edstavitel\u016f OSH. Potvrzen\u00ed (volba) vedouc\u00edch odborn\u00fdch rad za \u010dleny VV OSH. P\u0159ijet\u00ed z\u00e1sad pro navrhov\u00e1n\u00ed p\u0159edstavitel\u016f SDH.<\/li>\n<li>Diskuse.<\/li>\n<li>Poledn\u00ed p\u0159est\u00e1vka &#8211; ob\u011bd.<\/li>\n<li>Pokra\u010dov\u00e1n\u00ed diskuse.<\/li>\n<li>N\u00e1vrh na usnesen\u00ed.<\/li>\n<li>Z\u00e1v\u011br &#8211; ukon\u010den\u00ed jedn\u00e1n\u00ed.<\/li>\n<\/ol>\n<p>Po p\u0159ednesen\u00ed a schv\u00e1len\u00ed programu n\u00e1sledovalo projedn\u00e1v\u00e1n\u00ed bod po bodu, kdy nejdel\u0161\u00edm a nejv\u00edce projedn\u00e1van\u00fdch bodem bylo schv\u00e1len\u00ed volebn\u00edho \u0159\u00e1du, kter\u00e9 se prot\u00e1hlo do poledn\u00edch hodin. Komise projednala n\u00e1vrhy k volebn\u00edmu \u0159\u00e1du. N\u00e1sledovalo hlasov\u00e1n\u00ed o zm\u011bn\u00e1ch t\u00fdkaj\u00edc\u00ed se nav\u00fd\u0161en\u00ed po\u010dtu \u010dlen\u016f v\u00fdkonn\u00e9ho v\u00fdboru, kdy bylo doporu\u010deno nav\u00fd\u0161it po\u010det \u010dlen\u016f VV na 13. Komise tento n\u00e1vrh nedoporu\u010dila, hlasov\u00e1n\u00edm bylo odsouhlaseno st\u00e1vaj\u00edc\u00edch 11 \u010dlen\u016f.<\/p>\n<p>D\u00e1le p\u0159ednesli sv\u016fj program kandid\u00e1ti na starostu Okresn\u00edho dru\u017een\u00ed P\u0159\u00edbram v tomto slo\u017een\u00ed: Pet\u0159ina Jaroslav, H\u00e1jek Pavel, Bc. Jankovsk\u00fd V\u00e1clav, \u010cern\u00fd V\u00e1clav a Velas Martin.<\/p>\n<p><strong><br \/>\nN\u00e1sledovalo prvn\u00ed kolo volby starosty, kter\u00e1 dopadlo n\u00e1sledovn\u011b:<\/strong><\/p>\n<ul>\n<li>\u010cern\u00fd V\u00e1clav (17 hlas\u016f)<\/li>\n<li>H\u00e1jek Pavel (53 hlas\u016f)<\/li>\n<li>Bc. Jankovsk\u00fd V\u00e1clav (70 hlas\u016f)<\/li>\n<li>Pet\u0159ina Jaroslav (58 hlas\u016f)<\/li>\n<li>Velas Martin (4 hlasy)<\/li>\n<\/ul>\n<p>Ve druh\u00e9m kole se tedy o funkci starosty OSH P\u0159\u00edbram utkali Pet\u0159ina Jaroslav a Jankovsk\u00fd V\u00e1clav, kdy pan<strong><span style=\"color: #ff0000;\"> Bc.<\/span> <span style=\"color: #ff0000;\">Jankovsk\u00fd V\u00e1clav se se 110 hlasy stal starostou OSH P\u0159\u00edbram pro roky 2015-2020<\/span>.<\/strong> B\u00fdval\u00fd starosta OSH P\u0159\u00edbram pan Pet\u0159ina Jaroslav z\u00edskal 88 hlas\u016f.<\/p>\n<p><strong><br \/>\nD\u00e1le prob\u011bhla volba n\u00e1m\u011bstk\u016f starosty OSH, kde byli zvoleni:<\/strong><\/p>\n<ul>\n<li>Spilka Ji\u0159\u00ed (174 hlas\u016f)<\/li>\n<li>Pol\u00e1k Franti\u0161ek (137 hlas\u016f)<\/li>\n<li>H\u00e1jek Pavel (136 hlas\u016f)<\/li>\n<\/ul>\n<p><strong><br \/>\n\u010clenov\u00e9 VV OSH P\u0159\u00edbram byli zvoleni takto:<\/strong><\/p>\n<ul>\n<li>Moudr\u00fd Petr (119 hlas\u016f)<\/li>\n<li>Kok\u0161tein Ladislav (86 hlas\u016f)<\/li>\n<\/ul>\n<p><strong><br \/>\nOkresn\u00ed kontroln\u00ed a revizn\u00ed rada &#8211; p\u0159edseda:<\/strong><\/p>\n<ul>\n<li>Ing. Beran Josef (198 hlas\u016f)<\/li>\n<\/ul>\n<p><strong><br \/>\nOkresn\u00ed kontroln\u00ed a revizn\u00ed rada &#8211; \u010dlenov\u00e9:<\/strong><\/p>\n<ul>\n<li>Ing. Zden\u011bk Miloslav (186 hlas\u016f)<\/li>\n<li>Mezera Josef (181 hlas\u016f)<\/li>\n<li>Vesel\u00fd Jan (178 hlas\u016f)<\/li>\n<li>Zejda Josef (172 hlas\u016f)<\/li>\n<\/ul>\n<p><strong><br \/>\nDeleg\u00e1ti 5. sjezdu SH \u010cMS konan\u00e9ho 4. a 5. \u010dervence 2015 v Pradubic\u00edch byli zvoleni:<\/strong><\/p>\n<ul>\n<li>Bc. Jankovsk\u00fd Josef<\/li>\n<li>\u0160ejba Jaroslav<\/li>\n<li>Leitermannov\u00e1 Bo\u017eena<\/li>\n<li>Ing. Pruner Vladim\u00edr<\/li>\n<li>Pol\u00e1k Franti\u0161ek<\/li>\n<li>\u010cern\u00fd V\u00e1clav<\/li>\n<li>\u0160najdrov\u00e1 Marie<\/li>\n<li>Kok\u0161tein Ladislav<\/li>\n<li>Spilka Ji\u0159\u00ed &#8211; jako n\u00e1hradn\u00edk<\/li>\n<\/ul>\n<p>N\u00e1sledovala diskuze, n\u00e1vrh na usnesen\u00ed, projev nov\u00e9ho starosty OSH P\u0159\u00edbram pana V\u00e1clava Jankovsk\u00e9ho. Pot\u00e9 bylo shrom\u00e1\u017ed\u011bn\u00ed deleg\u00e1t\u016f Sbor\u016f dobrovoln\u00fdch hasi\u010d\u016f okresu P\u0159\u00edbram ukon\u010deno.<\/p>\n<p>P\u0159\u00edtomno: 204 \u010dlen\u016f, 22 host\u016f<br \/>\nZapsala: Helena Hanzel\u00ednov\u00e1<\/p>\n","protected":false},"excerpt":{"rendered":"<p>Z\u00e1pis ze shrom\u00e1\u017ed\u011bn\u00ed deleg\u00e1t\u016f Sbor\u016f dobrovoln\u00fdch hasi\u010d\u016f okres\u016f P\u0159\u00edbram, kter\u00e9 se konalo dne 28. 3. [&hellip;]<\/p>\n","protected":false},"author":4,"featured_media":0,"comment_status":"open","ping_status":"closed","sticky":false,"template":"","format":"standard","meta":{"_bbp_topic_count":0,"_bbp_reply_count":0,"_bbp_total_topic_count":0,"_bbp_total_reply_count":0,"_bbp_voice_count":0,"_bbp_anonymous_reply_count":0,"_bbp_topic_count_hidden":0,"_bbp_reply_count_hidden":0,"_bbp_forum_subforum_count":0,"ngg_post_thumbnail":0,"footnotes":""},"categories":[30,42],"tags":[49,84,85,63,67],"_links":{"self":[{"href":"https:\/\/www.sdhsvatepole.cz\/archiv\/wp-json\/wp\/v2\/posts\/6681"}],"collection":[{"href":"https:\/\/www.sdhsvatepole.cz\/archiv\/wp-json\/wp\/v2\/posts"}],"about":[{"href":"https:\/\/www.sdhsvatepole.cz\/archiv\/wp-json\/wp\/v2\/types\/post"}],"author":[{"embeddable":true,"href":"https:\/\/www.sdhsvatepole.cz\/archiv\/wp-json\/wp\/v2\/users\/4"}],"replies":[{"embeddable":true,"href":"https:\/\/www.sdhsvatepole.cz\/archiv\/wp-json\/wp\/v2\/comments?post=6681"}],"version-history":[{"count":18,"href":"https:\/\/www.sdhsvatepole.cz\/archiv\/wp-json\/wp\/v2\/posts\/6681\/revisions"}],"predecessor-version":[{"id":6701,"href":"https:\/\/www.sdhsvatepole.cz\/archiv\/wp-json\/wp\/v2\/posts\/6681\/revisions\/6701"}],"wp:attachment":[{"href":"https:\/\/www.sdhsvatepole.cz\/archiv\/wp-json\/wp\/v2\/media?parent=6681"}],"wp:term":[{"taxonomy":"category","embeddable":true,"href":"https:\/\/www.sdhsvatepole.cz\/archiv\/wp-json\/wp\/v2\/categories?post=6681"},{"taxonomy":"post_tag","embeddable":true,"href":"https:\/\/www.sdhsvatepole.cz\/archiv\/wp-json\/wp\/v2\/tags?post=6681"}],"curies":[{"name":"wp","href":"https:\/\/api.w.org\/{rel}","templated":true}]}}