{"id":6590,"date":"2006-12-15T15:50:18","date_gmt":"2006-12-15T14:50:18","guid":{"rendered":"http:\/\/www.sdhsvatepole.cz\/?p=6590"},"modified":"2015-12-21T21:12:44","modified_gmt":"2015-12-21T20:12:44","slug":"valna-hromada-sdh-svate-pole-2006","status":"publish","type":"post","link":"https:\/\/www.sdhsvatepole.cz\/archiv\/valna-hromada-sdh-svate-pole-2006\/","title":{"rendered":"Valn\u00e1 hromada SDH Svat\u00e9 Pole \u2013 2006"},"content":{"rendered":"<p><span style=\"color: #ff0000;\"><strong>Z\u00e1pis z\u00a0valn\u00e9 hromady SDH Svat\u00e9 Pole, konan\u00e9 dne 15. 12. 2006 v\u00a0salonku m\u00edstn\u00ed restaurace \u201eNa Chmelnici\u201c.<\/strong><\/span><\/p>\n<p>Valnou hromadu zah\u00e1jil velitel sboru pan Josef Pecka. P\u0159iv\u00edtal p\u0159\u00edtomn\u00e9, zvl\u00e1\u0161t\u011b pak hosty okrsku, v\u00fdbor obecn\u00edho \u00fa\u0159adu a \u010dleny obecn\u00edho zastupitelstva. Za Obecn\u00ed \u00fa\u0159ad p\u0159iv\u00edtal zejm\u00e9na pana starostu Jaroslava Jar\u00e9ho a m\u00edstostarostu pana Josefa \u0160imonovsk\u00e9ho. Za Okrsek \u010d. 29 pak zejm\u00e9na Josefa Brad\u00e1\u010de.<\/p>\n<p>Po tomto \u00favodu vyzval p\u0159\u00edtomn\u00e9 k\u00a0uct\u011bn\u00ed pam\u00e1tky za zesnul\u00e9ho \u010dlena pana Karla Far\u00e1\u0159e a ostatn\u00ed zesnul\u00e9 \u010dleny povst\u00e1n\u00edm a minutou ticha.<\/p>\n<p><strong>D\u00e1le p\u0159ednesl program valn\u00e9 hromady, kter\u00fd byl schv\u00e1len a to:<\/strong><\/p>\n<ol>\n<li>Zah\u00e1jen\u00ed<\/li>\n<li>Kulturn\u00ed vystoupen\u00ed mlad\u00fdch hasi\u010d\u016f<\/li>\n<li>Zpr\u00e1va \u010dinnosti sboru v\u00a0roce 2006<\/li>\n<li>Zpr\u00e1va \u010dinnosti ml\u00e1de\u017ee<\/li>\n<li>Zpr\u00e1va pokladn\u00ed<\/li>\n<li>Zpr\u00e1va revizn\u00ed komise<\/li>\n<li>N\u00e1vrh \u010dinnosti sboru v\u00a0roce 2007<\/li>\n<li>Zpr\u00e1va kulturn\u00edho referenta<\/li>\n<li>Diskuze &#8211; vystoupen\u00ed host\u016f<\/li>\n<li>Z\u00e1v\u011br s\u00a0poho\u0161t\u011bn\u00edm a hudbou<\/li>\n<\/ol>\n<p>Po zah\u00e1jen\u00ed a vystoupen\u00ed mlad\u00fdch hasi\u010d\u016f p\u0159ednesl zpr\u00e1vu \u010dinnosti za rok 2006 Josef Pecka, za ml\u00e1de\u017e pak Martina Klabanov\u00e1. Zpr\u00e1vu pokladn\u00ed za nep\u0159\u00edtomn\u00e9ho Miroslava Ma\u0159\u00edka p\u0159ednesl Milan Klaban. Zpr\u00e1vu kulturn\u00edho d\u011bn za rok 2006 p\u0159ednesl Zden\u011bk \u017daloudek s\u00a0p\u0159\u00e1n\u00edm v\u0161eho nejlep\u0161\u00edho na rok 2007. N\u00e1vrh \u010dinnosti na rok 2007 p\u0159ednesl Josef Pecka. Tento byl pot\u00e9 schv\u00e1len.<\/p>\n<p>N\u00e1sledovalo vystoupen\u00ed host\u016f s\u00a0pop\u0159\u00e1n\u00edm v\u0161eho nejlep\u0161\u00edho, hlavn\u011b zdrav\u00ed a \u00fasp\u011bch\u016f a to pana J. Jar\u00e9ho &#8211; starosty obce, pana J. Brad\u00e1\u010de z\u00a0Obo\u0159i\u0161t\u011b.<\/p>\n<p>N\u00e1sledn\u011b s\u00a0p\u0159\u00e1n\u00edm v\u0161eho nejlep\u0161\u00edho otev\u0159el diskuzi velitel Josef Pecka. Po diskuzi n\u00e1sledovalo poho\u0161t\u011bn\u00ed a po tomto valnou hromadu velitel sboru ukon\u010dil. Voln\u00e1 z\u00e1bava pokra\u010dovala za doprovodu hudby \u0159\u00edzen\u00e9 panem Ji\u0159\u00edm Va\u0148kem.<\/p>\n<p>&nbsp;<\/p>\n<p>P\u0159\u00edtomno \u010dlen\u016f: 22, p\u0159\u00edtomno host\u016f: 17<\/p>\n<p>Zapsal: Karel \u017daloudek<\/p>\n<p>&nbsp;<\/p>\n","protected":false},"excerpt":{"rendered":"<p>Z\u00e1pis z\u00a0valn\u00e9 hromady SDH Svat\u00e9 Pole, konan\u00e9 dne 15. 12. 2006 v\u00a0salonku m\u00edstn\u00ed restaurace \u201eNa [&hellip;]<\/p>\n","protected":false},"author":4,"featured_media":7349,"comment_status":"open","ping_status":"closed","sticky":false,"template":"","format":"standard","meta":{"_bbp_topic_count":0,"_bbp_reply_count":0,"_bbp_total_topic_count":0,"_bbp_total_reply_count":0,"_bbp_voice_count":0,"_bbp_anonymous_reply_count":0,"_bbp_topic_count_hidden":0,"_bbp_reply_count_hidden":0,"_bbp_forum_subforum_count":0,"ngg_post_thumbnail":0,"footnotes":""},"categories":[30,42],"tags":[31,49,63,67],"_links":{"self":[{"href":"https:\/\/www.sdhsvatepole.cz\/archiv\/wp-json\/wp\/v2\/posts\/6590"}],"collection":[{"href":"https:\/\/www.sdhsvatepole.cz\/archiv\/wp-json\/wp\/v2\/posts"}],"about":[{"href":"https:\/\/www.sdhsvatepole.cz\/archiv\/wp-json\/wp\/v2\/types\/post"}],"author":[{"embeddable":true,"href":"https:\/\/www.sdhsvatepole.cz\/archiv\/wp-json\/wp\/v2\/users\/4"}],"replies":[{"embeddable":true,"href":"https:\/\/www.sdhsvatepole.cz\/archiv\/wp-json\/wp\/v2\/comments?post=6590"}],"version-history":[{"count":4,"href":"https:\/\/www.sdhsvatepole.cz\/archiv\/wp-json\/wp\/v2\/posts\/6590\/revisions"}],"predecessor-version":[{"id":6601,"href":"https:\/\/www.sdhsvatepole.cz\/archiv\/wp-json\/wp\/v2\/posts\/6590\/revisions\/6601"}],"wp:featuredmedia":[{"embeddable":true,"href":"https:\/\/www.sdhsvatepole.cz\/archiv\/wp-json\/wp\/v2\/media\/7349"}],"wp:attachment":[{"href":"https:\/\/www.sdhsvatepole.cz\/archiv\/wp-json\/wp\/v2\/media?parent=6590"}],"wp:term":[{"taxonomy":"category","embeddable":true,"href":"https:\/\/www.sdhsvatepole.cz\/archiv\/wp-json\/wp\/v2\/categories?post=6590"},{"taxonomy":"post_tag","embeddable":true,"href":"https:\/\/www.sdhsvatepole.cz\/archiv\/wp-json\/wp\/v2\/tags?post=6590"}],"curies":[{"name":"wp","href":"https:\/\/api.w.org\/{rel}","templated":true}]}}