{"id":6567,"date":"2001-02-28T15:02:04","date_gmt":"2001-02-28T14:02:04","guid":{"rendered":"http:\/\/www.sdhsvatepole.cz\/?p=6567"},"modified":"2015-02-09T15:06:20","modified_gmt":"2015-02-09T14:06:20","slug":"schuze-vyboru-sdh-svate-pole-14","status":"publish","type":"post","link":"https:\/\/www.sdhsvatepole.cz\/archiv\/schuze-vyboru-sdh-svate-pole-14\/","title":{"rendered":"Sch\u016fze v\u00fdboru SDH Svat\u00e9 Pole"},"content":{"rendered":"<p><strong><span style=\"color: #ff0000;\">Prvn\u00ed v\u00fdborov\u00e1 sch\u016fze SDH Svat\u00e9 Pole v\u00a0roce 2001 se konala 28. \u00fanora v\u00a0salonku m\u00edstn\u00ed restaurace \u201eNa Chmelnici\u201c.<\/span><\/strong><\/p>\n<p>Sch\u016fzi zah\u00e1jil z\u00e1stupce velitele Josef Pecka, ml. Tato sch\u016fze se odb\u00fdvala ve smute\u010dn\u00edm duchu, proto\u017ee n\u00e1s n\u00e1hle opustila na\u0161e nejstar\u0161\u00ed \u010dlenka pan\u00ed R\u016f\u017eena \u017daloudkov\u00e1 ve v\u011bku 73 let, kterou jsme doprovodili na posledn\u00ed cestu v\u00a0po\u010dtu 16 \u010dlen\u016f se v\u0161emi poctami.<\/p>\n<p>Znenad\u00e1n\u00ed tuto ned\u011bli 25. 2. 2001 zem\u0159el jej\u00ed man\u017eel a dlouholet\u00fd velitel na\u0161eho sboru Miroslav \u017daloudek ve v\u011bku 77 \u00bd roku. Ob\u011bma byla na t\u00e9to sch\u016fzi povst\u00e1n\u00edm uct\u011bna pam\u00e1tka. Poh\u0159eb se kon\u00e1 v\u00a0p\u00e1tek 2. b\u0159ezna 2001 ve 13 hodin z\u00a0kostela na h\u0159bitov. \u00da\u010dast p\u0159isl\u00edbili z\u00a0okoln\u00edch obc\u00ed okrsku a o\u010dek\u00e1v\u00e1 se i \u00fa\u010dast z\u00a0okresn\u00edch funkcion\u00e1\u0159\u016f.<\/p>\n<p>Dal\u0161\u00edm programem jest, \u017ee se bude u n\u00e1s <strong>ve Svat\u00e9m Poli konat 7. dubna 2001 \u201eHra plamene\u201c.<\/strong> Budeme n\u00e1pomocni p\u0159i po\u0159\u00e1d\u00e1n\u00ed t\u00e9to akce, bli\u017e\u0161\u00ed informace pod\u00e1 okrskov\u00fd starosta Josef Brad\u00e1\u010d.<\/p>\n<p>Hodnocen\u00ed plesu p\u0159ednesl Josef Pecka, ml. a p\u0159edal finan\u010dn\u00ed hotovost pokladn\u00edkovi Jind\u0159ichu M\u00fcllerovi. V\u00a0diskuzi byly r\u016fzn\u00e9 n\u00e1vrhy k\u00a0organizaci poh\u0159bu na\u0161eho velitele.<\/p>\n<p>&nbsp;<\/p>\n<p>P\u0159\u00edtomno \u010dlen\u016f: 10<\/p>\n<p>Zapsal: Josef Pecka, st.<\/p>\n","protected":false},"excerpt":{"rendered":"<p>Prvn\u00ed v\u00fdborov\u00e1 sch\u016fze SDH Svat\u00e9 Pole v\u00a0roce 2001 se konala 28. \u00fanora v\u00a0salonku m\u00edstn\u00ed restaurace [&hellip;]<\/p>\n","protected":false},"author":4,"featured_media":5826,"comment_status":"open","ping_status":"closed","sticky":false,"template":"","format":"standard","meta":{"_bbp_topic_count":0,"_bbp_reply_count":0,"_bbp_total_topic_count":0,"_bbp_total_reply_count":0,"_bbp_voice_count":0,"_bbp_anonymous_reply_count":0,"_bbp_topic_count_hidden":0,"_bbp_reply_count_hidden":0,"_bbp_forum_subforum_count":0,"ngg_post_thumbnail":0,"footnotes":""},"categories":[30,42],"tags":[31,49,63],"_links":{"self":[{"href":"https:\/\/www.sdhsvatepole.cz\/archiv\/wp-json\/wp\/v2\/posts\/6567"}],"collection":[{"href":"https:\/\/www.sdhsvatepole.cz\/archiv\/wp-json\/wp\/v2\/posts"}],"about":[{"href":"https:\/\/www.sdhsvatepole.cz\/archiv\/wp-json\/wp\/v2\/types\/post"}],"author":[{"embeddable":true,"href":"https:\/\/www.sdhsvatepole.cz\/archiv\/wp-json\/wp\/v2\/users\/4"}],"replies":[{"embeddable":true,"href":"https:\/\/www.sdhsvatepole.cz\/archiv\/wp-json\/wp\/v2\/comments?post=6567"}],"version-history":[{"count":1,"href":"https:\/\/www.sdhsvatepole.cz\/archiv\/wp-json\/wp\/v2\/posts\/6567\/revisions"}],"predecessor-version":[{"id":6568,"href":"https:\/\/www.sdhsvatepole.cz\/archiv\/wp-json\/wp\/v2\/posts\/6567\/revisions\/6568"}],"wp:featuredmedia":[{"embeddable":true,"href":"https:\/\/www.sdhsvatepole.cz\/archiv\/wp-json\/wp\/v2\/media\/5826"}],"wp:attachment":[{"href":"https:\/\/www.sdhsvatepole.cz\/archiv\/wp-json\/wp\/v2\/media?parent=6567"}],"wp:term":[{"taxonomy":"category","embeddable":true,"href":"https:\/\/www.sdhsvatepole.cz\/archiv\/wp-json\/wp\/v2\/categories?post=6567"},{"taxonomy":"post_tag","embeddable":true,"href":"https:\/\/www.sdhsvatepole.cz\/archiv\/wp-json\/wp\/v2\/tags?post=6567"}],"curies":[{"name":"wp","href":"https:\/\/api.w.org\/{rel}","templated":true}]}}