{"id":6563,"date":"2000-12-29T13:14:29","date_gmt":"2000-12-29T12:14:29","guid":{"rendered":"http:\/\/www.sdhsvatepole.cz\/?p=6563"},"modified":"2016-02-14T14:23:48","modified_gmt":"2016-02-14T13:23:48","slug":"valna-hromada-sdh-svate-pole-2000","status":"publish","type":"post","link":"https:\/\/www.sdhsvatepole.cz\/archiv\/valna-hromada-sdh-svate-pole-2000\/","title":{"rendered":"Valn\u00e1 hromada SDH Svat\u00e9 Pole \u2013 2000"},"content":{"rendered":"<p><span style=\"color: #ff0000;\"><strong>Z\u00e1pis z\u00a0valn\u00e9 hromady SDH Svat\u00e9 Pole, konan\u00e9 dne 29. 12. 2000 v\u00a0salonku m\u00edstn\u00ed restaurace \u201eNa Chmelnici\u201c.<\/strong><\/span><\/p>\n<p>Valnou hromadu zah\u00e1jil \u00a0\u010dlen v\u00fdboru Josef Pecka, ml. p\u0159iv\u00edtal p\u0159\u00edtomn\u00e9, zejm\u00e9na pak hosty pana Jaroslava Jar\u00e9ho, ml. starostu obce, d\u00e1le pak starostu okrsku pana J. Brad\u00e1\u010de, okrskov\u00e9ho velitele V\u00e1clava Far\u00e1\u0159e a \u010dleny m\u00edstn\u00edho zastupitelstva pana Petra Kozohorsk\u00e9ho a Josefa Pecku, ml.<\/p>\n<p>Pot\u00e9 vyzval p\u0159\u00edtomn\u00e9 k\u00a0uct\u011bn\u00ed pam\u00e1tky na zesnul\u00e9 \u010dleny sboru v roce 2000 pana J. Jar\u00e9ho, st. a pana P. Kolku.<\/p>\n<p><strong>D\u00e1le sezn\u00e1mil p\u0159\u00edtomn\u00e9 s\u00a0programem valn\u00e9 hromady:<\/strong><\/p>\n<ul>\n<li>Zah\u00e1jen\u00ed<\/li>\n<li>Zpr\u00e1va o \u010dinnosti<\/li>\n<li>Zpr\u00e1va pokladn\u00ed<\/li>\n<li>Zpr\u00e1va revizn\u00ed<\/li>\n<li>Diskuze a diskusn\u00ed p\u0159\u00edsp\u011bvky<\/li>\n<li>Z\u00e1v\u011br s\u00a0prom\u00edtnut\u00edm videokazety z\u00a0\u010dinnosti sboru a 100 let\u00e9ho zalo\u017een\u00ed sboru a oslavy ze dne<\/li>\n<li>Ob\u010derstven\u00ed a voln\u00e1 z\u00e1bava<\/li>\n<\/ul>\n<p>&nbsp;<\/p>\n<p>P\u0159ed zpr\u00e1vou o \u010dinnosti obezn\u00e1mil p\u0159\u00edtomn\u00e9 Josef pecka, ml. s\u00a0hlavn\u00edmi \u010dinnostmi sboru. Byla to <strong>oblast sout\u011b\u017e\u00ed v\u00a0hasi\u010dsk\u00e9m sportu, \u010dinnost brig\u00e1d sm\u011b\u0159uj\u00edc\u00edch k\u00a0zaji\u0161t\u011bn\u00ed oslav 100 let\u00e9ho v\u00fdro\u010d\u00ed zalo\u017een\u00ed sboru, sb\u011bru kovov\u00e9ho odpadu, p\u0159edb\u011b\u017en\u00e9ho finan\u010dn\u00edho obrazu v\u010detn\u011b kulturn\u00edch akc\u00ed do konce roku<\/strong>.<\/p>\n<p>Pot\u00e9 p\u0159ednesl starosta sboru Josef Pecka st. podrobnou zpr\u00e1vu o \u010dinnosti sboru. \u00a0Po t\u00e9to vy\u010derp\u00e1vaj\u00edc\u00ed podrobn\u00e9 zpr\u00e1v\u011b n\u00e1sledoval dal\u0161\u00ed bod programu a to zpr\u00e1va pokladn\u00ed, kterou p\u0159ednesl J. M\u00fcller. Finan\u010dn\u00ed vyj\u00e1d\u0159en\u00ed plesu bylo obezn\u00e1meno na v\u00fdborov\u00e9 sch\u016fzi v\u00a0pr\u016fb\u011bhu roku.<\/p>\n<p>N\u00e1sledovala zpr\u00e1va revizn\u00ed komise, kterou p\u0159ednesl Milan Far\u00e1\u0159 s\u00a0t\u00edm, \u017ee <strong>komise neshledala v\u00a0pokladn\u00ed \u010dinnosti \u017e\u00e1dn\u00e9 nedostatky<\/strong>.<\/p>\n<p>Pot\u00e9 otev\u0159el Josef Pecka ml. diskusi. V\u00a0t\u00e9 vystoupil jako prvn\u00ed starosta okrsku pan J. Brad\u00e1\u010d, kter\u00fd p\u0159\u00edtomn\u00e9 obezn\u00e1mil s\u00a0hlavn\u00ed \u010dinnost\u00ed okrsku, zejm\u00e9na pak \u010dinnost m\u00edstn\u00edho sboru, kter\u00fd v\u00a0okrsku zauj\u00edm\u00e1 v\u00a0\u010dinnosti p\u0159edn\u00ed m\u00edsto. Na z\u00e1v\u011br pop\u0159\u00e1l p\u0159\u00edtomn\u00fdm do roku 2001 v\u0161e nejlep\u0161\u00ed a hlavn\u011b zdrav\u00ed.<\/p>\n<p>Po tomto n\u00e1sledoval diskusn\u00ed p\u0159\u00edsp\u011bvek Josefa Pecka ml., kter\u00fd obezn\u00e1mil \u010dleny s\u00a0\u010dinnost\u00ed sboru v\u00a0hasi\u010dsk\u00fdch sout\u011b\u017e\u00edch v\u00a0nadch\u00e1zej\u00edc\u00edm roku 2001. V\u00a0tomto duchu diskuse pokra\u010doval velitel okrsku pan V\u00e1clav Far\u00e1\u0159.<\/p>\n<p>Na z\u00e1v\u011br diskuse bylo pod\u00e1v\u00e1no poho\u0161t\u011bn\u00ed v\u0161em p\u0159\u00edtomn\u00fdm. Z\u00e1rove\u0148 s\u00a0t\u00edm byla prom\u00edt\u00e1na videokazeta z\u00a0oslavy 100 let\u00e9ho v\u00fdro\u010d\u00ed zalo\u017een\u00ed hasi\u010dsk\u00e9ho sboru.<\/p>\n<p>Pot\u00e9 n\u00e1sledovala voln\u00e1 z\u00e1bava s\u00a0diskusn\u00edm dodate\u010dn\u00fdm p\u0159\u00edsp\u011bvkem Josefa pecky ml.<\/p>\n<p>Po tomto valnou hromadu Josef Pecka ml. ukon\u010dil.<\/p>\n<p>&nbsp;<\/p>\n<p>P\u0159\u00edtomno \u010dlen\u016f: 28, p\u0159\u00edtomno host\u016f: 10<\/p>\n<p>Zapsal: Karel \u017daloudek<\/p>\n","protected":false},"excerpt":{"rendered":"<p>Z\u00e1pis z\u00a0valn\u00e9 hromady SDH Svat\u00e9 Pole, konan\u00e9 dne 29. 12. 2000 v\u00a0salonku m\u00edstn\u00ed restaurace \u201eNa [&hellip;]<\/p>\n","protected":false},"author":4,"featured_media":7349,"comment_status":"open","ping_status":"closed","sticky":false,"template":"","format":"standard","meta":{"_bbp_topic_count":0,"_bbp_reply_count":0,"_bbp_total_topic_count":0,"_bbp_total_reply_count":0,"_bbp_voice_count":0,"_bbp_anonymous_reply_count":0,"_bbp_topic_count_hidden":0,"_bbp_reply_count_hidden":0,"_bbp_forum_subforum_count":0,"ngg_post_thumbnail":0,"footnotes":""},"categories":[30,42],"tags":[31,49,63,67],"_links":{"self":[{"href":"https:\/\/www.sdhsvatepole.cz\/archiv\/wp-json\/wp\/v2\/posts\/6563"}],"collection":[{"href":"https:\/\/www.sdhsvatepole.cz\/archiv\/wp-json\/wp\/v2\/posts"}],"about":[{"href":"https:\/\/www.sdhsvatepole.cz\/archiv\/wp-json\/wp\/v2\/types\/post"}],"author":[{"embeddable":true,"href":"https:\/\/www.sdhsvatepole.cz\/archiv\/wp-json\/wp\/v2\/users\/4"}],"replies":[{"embeddable":true,"href":"https:\/\/www.sdhsvatepole.cz\/archiv\/wp-json\/wp\/v2\/comments?post=6563"}],"version-history":[{"count":3,"href":"https:\/\/www.sdhsvatepole.cz\/archiv\/wp-json\/wp\/v2\/posts\/6563\/revisions"}],"predecessor-version":[{"id":6610,"href":"https:\/\/www.sdhsvatepole.cz\/archiv\/wp-json\/wp\/v2\/posts\/6563\/revisions\/6610"}],"wp:featuredmedia":[{"embeddable":true,"href":"https:\/\/www.sdhsvatepole.cz\/archiv\/wp-json\/wp\/v2\/media\/7349"}],"wp:attachment":[{"href":"https:\/\/www.sdhsvatepole.cz\/archiv\/wp-json\/wp\/v2\/media?parent=6563"}],"wp:term":[{"taxonomy":"category","embeddable":true,"href":"https:\/\/www.sdhsvatepole.cz\/archiv\/wp-json\/wp\/v2\/categories?post=6563"},{"taxonomy":"post_tag","embeddable":true,"href":"https:\/\/www.sdhsvatepole.cz\/archiv\/wp-json\/wp\/v2\/tags?post=6563"}],"curies":[{"name":"wp","href":"https:\/\/api.w.org\/{rel}","templated":true}]}}