{"id":10337,"date":"2021-08-03T11:46:40","date_gmt":"2021-08-03T09:46:40","guid":{"rendered":"https:\/\/www.sdhsvatepole.cz\/?p=10337"},"modified":"2022-04-18T12:04:15","modified_gmt":"2022-04-18T10:04:15","slug":"schuze-vyboru-sdh-svate-pole-3-8-2021","status":"publish","type":"post","link":"https:\/\/www.sdhsvatepole.cz\/archiv\/schuze-vyboru-sdh-svate-pole-3-8-2021\/","title":{"rendered":"Sch\u016fze v\u00fdboru SDH Svat\u00e9 Pole 3. 8. 2021"},"content":{"rendered":"<p class=\"p1\"><b>Program:<\/b><\/p>\n<ol class=\"ol1\">\n<li class=\"li1\">Zah\u00e1jen\u00ed<\/li>\n<li class=\"li1\">Gratulace jubilantu<\/li>\n<li class=\"li1\">Z\u00e1sahov\u00e1 jednotka<\/li>\n<li class=\"li1\">Okrskov\u00e1 sout\u011b\u017e<\/li>\n<li class=\"li1\">Soust\u0159ed\u011bn\u00ed-Vrbno<\/li>\n<li class=\"li1\">Sout\u011b\u017ee<\/li>\n<li class=\"li1\">Diskuze<\/li>\n<\/ol>\n<p class=\"p1\"><b>\u00da\u010dast:<\/b> 17 \u010dlen\u016f 1 host<\/p>\n<p class=\"p1\"><b>Omluveni:<\/b> 3 \u010dlenov\u00e9<\/p>\n<p class=\"p1\">Ad 1) Zah\u00e1jen\u00ed.&nbsp;<\/p>\n<ul class=\"ul1\">\n<li class=\"li1\">Sch\u016fzi zah\u00e1jil velitel Josef Pecka a p\u0159iv\u00edtal p\u0159\u00edtomn\u00e9.<\/li>\n<\/ul>\n<p class=\"p1\">Ad 2) Dal\u0161\u00edm leto\u0161n\u00edm jubilantem je p. Zden\u011bk \u010cern\u00fd-jeliko\u017e sv\u00e9 kulatiny oslavil ji\u017e v&nbsp;kv\u011btnu a nemohli jsme se k&nbsp;oslav\u011b z d\u016fvod\u016f vl\u00e1dn\u00edch na\u0159\u00edzen\u00ed<span class=\"Apple-converted-space\">&nbsp; <\/span>p\u0159ipojit. Dodate\u010dn\u011b tak \u010din\u00edme nyn\u00ed.<\/p>\n<p class=\"p1\">Ad 3) Z\u00e1sahov\u00e1 jednotka<\/p>\n<ul class=\"ul1\">\n<li class=\"li1\">13.7. ve ve\u010dern\u00edch hodin\u00e1ch, byl vyhl\u00e1\u0161en poplach na \u017e\u00e1dost starosty obce-padl\u00ed strom na hr\u00e1zy rybn\u00edka Svatopolsk\u00fd.<\/li>\n<\/ul>\n<p class=\"p1\">Ad 4) Okrskov\u00e1 sout\u011b\u017e<\/p>\n<ul class=\"ul1\">\n<li class=\"li1\">Term\u00edn \u2013 7.8.2021 od 13.00 h ve svat\u00e9m Poli na m\u00edstn\u00edm h\u0159i\u0161ti.<\/li>\n<li class=\"li1\">Na\u0161e SDH postav\u00ed 2 dru\u017estva mu\u017e\u016f a 2 dru\u017estva \u017e\u00e1ku.<\/li>\n<li class=\"li1\">Dr\u00e1ha a ostatn\u00ed prostory budou p\u0159ipraveny v&nbsp;dopoledn\u00edch hodin\u00e1ch.<\/li>\n<li class=\"li1\">Ob\u010derstven\u00ed zajist\u00ed p.\u0160vagr s&nbsp;rodinou<\/li>\n<\/ul>\n<p class=\"p1\">Ad 5) Soust\u0159ed\u011bn\u00ed MH Vrbno<\/p>\n<ul class=\"ul1\">\n<li class=\"li1\">Up\u0159esn\u011bn\u00ed programu<\/li>\n<li class=\"li1\">P\u0159\u00edprava cyklov\u00fdletu<\/li>\n<li class=\"li1\">Sch\u016fzka s rodi\u010di v patek 13.8.2021 v 18.00 h<\/li>\n<\/ul>\n<p class=\"p1\">Ad 6) Sout\u011b\u017ee<\/p>\n<p class=\"p1\"><span class=\"Apple-converted-space\">&nbsp; &nbsp; &nbsp; &nbsp; &nbsp; &nbsp; &nbsp; &nbsp; &nbsp; &nbsp; &nbsp; &nbsp; &nbsp; <\/span>THL- Strmilov<span class=\"Apple-converted-space\">&nbsp; <\/span>kategorie sport 9.m\u00edsto.<\/p>\n<ul class=\"ul1\">\n<li class=\"li1\">THL- Nov\u00e1 Ves u Ch\u00fdnova kategorie veter\u00e1n 2.m\u00edsto, kategorie sport 16.m\u00edsto.<\/li>\n<li class=\"li1\">THL- Jaronice u \u010cB. kategorie sport 9.m\u00edsto.<\/li>\n<\/ul>\n<p class=\"p5\">Ad 7) Diskuse<\/p>\n<ul class=\"ul1\">\n<li class=\"li5\">P\u0159\u00edprava okrskov\u00e9 sout\u011b\u017ee<\/li>\n<li class=\"li5\">Soust\u0159ed\u011bn\u00ed -dopln\u011bn\u00ed programu<\/li>\n<\/ul>\n<p class=\"p5\"><i>Zapsal: Josef Pecka<\/i><\/p>\n","protected":false},"excerpt":{"rendered":"<p>Z\u00e1pis z v\u00fdborov\u00e9 sch\u016fze konan\u00e9 dne 3. 8. 2022 v restauraci Na Chmelnici ve Svat\u00e9m Poli.<\/p>\n","protected":false},"author":3,"featured_media":5539,"comment_status":"closed","ping_status":"closed","sticky":false,"template":"","format":"standard","meta":{"_bbp_topic_count":0,"_bbp_reply_count":0,"_bbp_total_topic_count":0,"_bbp_total_reply_count":0,"_bbp_voice_count":0,"_bbp_anonymous_reply_count":0,"_bbp_topic_count_hidden":0,"_bbp_reply_count_hidden":0,"_bbp_forum_subforum_count":0,"ngg_post_thumbnail":0,"footnotes":""},"categories":[30,46,103,1,44,42,43],"tags":[64,49,92,56,38,85,65,77],"_links":{"self":[{"href":"https:\/\/www.sdhsvatepole.cz\/archiv\/wp-json\/wp\/v2\/posts\/10337"}],"collection":[{"href":"https:\/\/www.sdhsvatepole.cz\/archiv\/wp-json\/wp\/v2\/posts"}],"about":[{"href":"https:\/\/www.sdhsvatepole.cz\/archiv\/wp-json\/wp\/v2\/types\/post"}],"author":[{"embeddable":true,"href":"https:\/\/www.sdhsvatepole.cz\/archiv\/wp-json\/wp\/v2\/users\/3"}],"replies":[{"embeddable":true,"href":"https:\/\/www.sdhsvatepole.cz\/archiv\/wp-json\/wp\/v2\/comments?post=10337"}],"version-history":[{"count":1,"href":"https:\/\/www.sdhsvatepole.cz\/archiv\/wp-json\/wp\/v2\/posts\/10337\/revisions"}],"predecessor-version":[{"id":10338,"href":"https:\/\/www.sdhsvatepole.cz\/archiv\/wp-json\/wp\/v2\/posts\/10337\/revisions\/10338"}],"wp:featuredmedia":[{"embeddable":true,"href":"https:\/\/www.sdhsvatepole.cz\/archiv\/wp-json\/wp\/v2\/media\/5539"}],"wp:attachment":[{"href":"https:\/\/www.sdhsvatepole.cz\/archiv\/wp-json\/wp\/v2\/media?parent=10337"}],"wp:term":[{"taxonomy":"category","embeddable":true,"href":"https:\/\/www.sdhsvatepole.cz\/archiv\/wp-json\/wp\/v2\/categories?post=10337"},{"taxonomy":"post_tag","embeddable":true,"href":"https:\/\/www.sdhsvatepole.cz\/archiv\/wp-json\/wp\/v2\/tags?post=10337"}],"curies":[{"name":"wp","href":"https:\/\/api.w.org\/{rel}","templated":true}]}}